{"id":1416,"date":"2019-02-10T09:00:07","date_gmt":"2019-02-10T14:00:07","guid":{"rendered":"https:\/\/audiophile.ca\/?p=1416"},"modified":"2019-02-11T10:55:03","modified_gmt":"2019-02-11T15:55:03","slug":"johann-kuhnau-magnificat-in-c-major","status":"publish","type":"post","link":"https:\/\/audiophile.ca\/fr\/blog\/2019\/02\/10\/johann-kuhnau-magnificat-in-c-major\/","title":{"rendered":"Johann Kuhnau &#8211; Magnificat in C major"},"content":{"rendered":"<p class=\"p1\"><span class=\"s1\">Amsterdam Baroque Orchestra and Choir<\/span><\/p>\n<p class=\"p1\"><span class=\"s1\">Deborah York, soprano<\/span><\/p>\n<p class=\"p1\"><span class=\"s1\">Bogna Bartosz, alto<\/span><\/p>\n<p class=\"p1\"><span class=\"s1\">J\u00f6rg D\u00fcrm\u00fcller, tenor<\/span><\/p>\n<p class=\"p1\"><span class=\"s1\">Klaus Mertens, baritone<\/span><\/p>\n<p class=\"p1\"><span class=\"s1\">Ton Koopmann, conductor and organist.<\/span><\/p>\n<p><iframe loading=\"lazy\" title=\"Johann Kuhnau: Magnificat in C major (Ton Koopmann, Amsterdam Baroque Orchestra)\" width=\"500\" height=\"281\" src=\"https:\/\/www.youtube.com\/embed\/GJ-wr1d4_F4?feature=oembed\" frameborder=\"0\" allow=\"accelerometer; autoplay; clipboard-write; encrypted-media; gyroscope; picture-in-picture; web-share\" referrerpolicy=\"strict-origin-when-cross-origin\" allowfullscreen><\/iframe><\/p>\n<p>&nbsp;<\/p>\n","protected":false},"excerpt":{"rendered":"<p>Amsterdam Baroque Orchestra and Choir Deborah York, soprano Bogna Bartosz, alto J\u00f6rg D\u00fcrm\u00fcller, tenor Klaus Mertens, baritone Ton Koopmann, conductor and organist. &nbsp;<\/p>\n","protected":false},"author":3,"featured_media":0,"comment_status":"open","ping_status":"open","sticky":false,"template":"","format":"standard","meta":{"footnotes":""},"categories":[31,26,23],"tags":[],"class_list":["post-1416","post","type-post","status-publish","format-standard","hentry","category-classical","category-classical-rotd","category-recording-of-the-day"],"_links":{"self":[{"href":"https:\/\/audiophile.ca\/fr\/wp-json\/wp\/v2\/posts\/1416","targetHints":{"allow":["GET"]}}],"collection":[{"href":"https:\/\/audiophile.ca\/fr\/wp-json\/wp\/v2\/posts"}],"about":[{"href":"https:\/\/audiophile.ca\/fr\/wp-json\/wp\/v2\/types\/post"}],"author":[{"embeddable":true,"href":"https:\/\/audiophile.ca\/fr\/wp-json\/wp\/v2\/users\/3"}],"replies":[{"embeddable":true,"href":"https:\/\/audiophile.ca\/fr\/wp-json\/wp\/v2\/comments?post=1416"}],"version-history":[{"count":1,"href":"https:\/\/audiophile.ca\/fr\/wp-json\/wp\/v2\/posts\/1416\/revisions"}],"predecessor-version":[{"id":1417,"href":"https:\/\/audiophile.ca\/fr\/wp-json\/wp\/v2\/posts\/1416\/revisions\/1417"}],"wp:attachment":[{"href":"https:\/\/audiophile.ca\/fr\/wp-json\/wp\/v2\/media?parent=1416"}],"wp:term":[{"taxonomy":"category","embeddable":true,"href":"https:\/\/audiophile.ca\/fr\/wp-json\/wp\/v2\/categories?post=1416"},{"taxonomy":"post_tag","embeddable":true,"href":"https:\/\/audiophile.ca\/fr\/wp-json\/wp\/v2\/tags?post=1416"}],"curies":[{"name":"wp","href":"https:\/\/api.w.org\/{rel}","templated":true}]}}