{"id":1502,"date":"2019-03-23T09:00:34","date_gmt":"2019-03-23T13:00:34","guid":{"rendered":"https:\/\/audiophile.ca\/?p=1502"},"modified":"2019-03-20T12:13:31","modified_gmt":"2019-03-20T16:13:31","slug":"franz-schubert-octet-in-f-major-d-803","status":"publish","type":"post","link":"https:\/\/audiophile.ca\/fr\/blog\/2019\/03\/23\/franz-schubert-octet-in-f-major-d-803\/","title":{"rendered":"Franz Schubert &#8211; Octet in F Major, D 803"},"content":{"rendered":"<p class=\"p1\"><span class=\"s1\">Antje Weithaas, volin<\/span><\/p>\n<p class=\"p1\"><span class=\"s1\">Alina Pogostkina, violin<\/span><\/p>\n<p class=\"p1\"><span class=\"s1\">Veronika Hagen, viola<\/span><\/p>\n<p class=\"p1\"><span class=\"s1\">Sol Gabetta, cello<\/span><\/p>\n<p class=\"p1\"><span class=\"s1\">Robert Vizvari, double bass<\/span><\/p>\n<p class=\"p1\"><span class=\"s1\">Alejandro N\u00fa\u00f1ez, horn<\/span><\/p>\n<p class=\"p1\"><span class=\"s1\">Gustavo N\u00fa\u00f1ez, bassoon<\/span><\/p>\n<p class=\"p1\"><span class=\"s1\">Sabine Meyer, clarinet.<\/span><\/p>\n<p>https:\/\/www.youtube.com\/watch?v=fnpVu8Eihj4<\/p>\n","protected":false},"excerpt":{"rendered":"<p>Antje Weithaas, volin Alina Pogostkina, violin Veronika Hagen, viola Sol Gabetta, cello Robert Vizvari, double bass Alejandro N\u00fa\u00f1ez, horn Gustavo N\u00fa\u00f1ez, bassoon Sabine Meyer, clarinet. https:\/\/www.youtube.com\/watch?v=fnpVu8Eihj4<\/p>\n","protected":false},"author":3,"featured_media":0,"comment_status":"open","ping_status":"open","sticky":false,"template":"","format":"standard","meta":{"footnotes":""},"categories":[31,26,23],"tags":[],"class_list":["post-1502","post","type-post","status-publish","format-standard","hentry","category-classical","category-classical-rotd","category-recording-of-the-day"],"_links":{"self":[{"href":"https:\/\/audiophile.ca\/fr\/wp-json\/wp\/v2\/posts\/1502","targetHints":{"allow":["GET"]}}],"collection":[{"href":"https:\/\/audiophile.ca\/fr\/wp-json\/wp\/v2\/posts"}],"about":[{"href":"https:\/\/audiophile.ca\/fr\/wp-json\/wp\/v2\/types\/post"}],"author":[{"embeddable":true,"href":"https:\/\/audiophile.ca\/fr\/wp-json\/wp\/v2\/users\/3"}],"replies":[{"embeddable":true,"href":"https:\/\/audiophile.ca\/fr\/wp-json\/wp\/v2\/comments?post=1502"}],"version-history":[{"count":1,"href":"https:\/\/audiophile.ca\/fr\/wp-json\/wp\/v2\/posts\/1502\/revisions"}],"predecessor-version":[{"id":1503,"href":"https:\/\/audiophile.ca\/fr\/wp-json\/wp\/v2\/posts\/1502\/revisions\/1503"}],"wp:attachment":[{"href":"https:\/\/audiophile.ca\/fr\/wp-json\/wp\/v2\/media?parent=1502"}],"wp:term":[{"taxonomy":"category","embeddable":true,"href":"https:\/\/audiophile.ca\/fr\/wp-json\/wp\/v2\/categories?post=1502"},{"taxonomy":"post_tag","embeddable":true,"href":"https:\/\/audiophile.ca\/fr\/wp-json\/wp\/v2\/tags?post=1502"}],"curies":[{"name":"wp","href":"https:\/\/api.w.org\/{rel}","templated":true}]}}