{"id":450,"date":"2014-06-21T15:18:29","date_gmt":"2014-06-21T19:18:29","guid":{"rendered":"https:\/\/audiophile.ca\/?p=450"},"modified":"2014-06-21T15:22:09","modified_gmt":"2014-06-21T19:22:09","slug":"cafe-resonnance-notes-on-montreal","status":"publish","type":"post","link":"https:\/\/audiophile.ca\/fr\/blog\/2014\/06\/21\/cafe-resonnance-notes-on-montreal\/","title":{"rendered":"Caf\u00e9 R\u00e9sonnance &#8211; Notes on Montreal"},"content":{"rendered":"<p><a href=\"https:\/\/www.facebook.com\/events\/1638215886402712\/?ref=22\"><img loading=\"lazy\" decoding=\"async\" src=\"https:\/\/audiophile.ca\/wp-content\/uploads\/2014\/06\/mike_rud_notes_on_montreal-300x200.jpg\" alt=\"Mike Rud - Notes on Montreal\" width=\"300\" height=\"200\" class=\"alignright size-medium wp-image-447\" srcset=\"https:\/\/audiophile.ca\/wp-content\/uploads\/2014\/06\/mike_rud_notes_on_montreal-300x200.jpg 300w, https:\/\/audiophile.ca\/wp-content\/uploads\/2014\/06\/mike_rud_notes_on_montreal.jpg 640w\" sizes=\"auto, (max-width: 300px) 100vw, 300px\" \/><\/a><code> <\/code><code> <\/code>Le samedi 26 juillet 2014, \u00e0 21 h, le laur\u00e9at d&#8217;un prix Juno Mike Rud interpr\u00e9tera des extraits de son CD <i>Notes on Montreal<\/i> au Caf\u00e9 R\u00e9sonnance (<a href=\"https:\/\/goo.gl\/maps\/pB3qs\">5175A, avenue du Parc, Montr\u00e9al, Qu\u00e9bec <\/a>). Comme le pr\u00e9cise l&#8217;annonce ins\u00e9r\u00e9e sur <a href=\"https:\/\/www.facebook.com\/events\/1638215886402712\/?ref=22\">Facebook<\/a>, <code> <\/code>il sera accompagn\u00e9 d&#8217;un ensemble de neuf musiciens! Avis aux amateurs de jazz montr\u00e9alais!<\/p>\n<p><code> <\/code><\/p>\n","protected":false},"excerpt":{"rendered":"<p>Le samedi 26 juillet 2014, \u00e0 21 h, le laur\u00e9at d&#8217;un prix Juno Mike Rud interpr\u00e9tera des extraits de son CD Notes on Montreal au Caf\u00e9 R\u00e9sonnance (5175A, avenue du Parc, Montr\u00e9al, Qu\u00e9bec ). Comme le pr\u00e9cise l&#8217;annonce ins\u00e9r\u00e9e sur Facebook, il sera accompagn\u00e9 d&#8217;un ensemble de neuf musiciens! Avis aux amateurs de jazz montr\u00e9alais!<\/p>\n","protected":false},"author":3,"featured_media":0,"comment_status":"closed","ping_status":"open","sticky":false,"template":"","format":"standard","meta":{"footnotes":""},"categories":[16],"tags":[],"class_list":["post-450","post","type-post","status-publish","format-standard","hentry","category-evenement"],"_links":{"self":[{"href":"https:\/\/audiophile.ca\/fr\/wp-json\/wp\/v2\/posts\/450","targetHints":{"allow":["GET"]}}],"collection":[{"href":"https:\/\/audiophile.ca\/fr\/wp-json\/wp\/v2\/posts"}],"about":[{"href":"https:\/\/audiophile.ca\/fr\/wp-json\/wp\/v2\/types\/post"}],"author":[{"embeddable":true,"href":"https:\/\/audiophile.ca\/fr\/wp-json\/wp\/v2\/users\/3"}],"replies":[{"embeddable":true,"href":"https:\/\/audiophile.ca\/fr\/wp-json\/wp\/v2\/comments?post=450"}],"version-history":[{"count":3,"href":"https:\/\/audiophile.ca\/fr\/wp-json\/wp\/v2\/posts\/450\/revisions"}],"predecessor-version":[{"id":454,"href":"https:\/\/audiophile.ca\/fr\/wp-json\/wp\/v2\/posts\/450\/revisions\/454"}],"wp:attachment":[{"href":"https:\/\/audiophile.ca\/fr\/wp-json\/wp\/v2\/media?parent=450"}],"wp:term":[{"taxonomy":"category","embeddable":true,"href":"https:\/\/audiophile.ca\/fr\/wp-json\/wp\/v2\/categories?post=450"},{"taxonomy":"post_tag","embeddable":true,"href":"https:\/\/audiophile.ca\/fr\/wp-json\/wp\/v2\/tags?post=450"}],"curies":[{"name":"wp","href":"https:\/\/api.w.org\/{rel}","templated":true}]}}