{"id":486,"date":"2014-07-02T13:39:00","date_gmt":"2014-07-02T17:39:00","guid":{"rendered":"https:\/\/audiophile.ca\/?p=486"},"modified":"2014-12-12T20:18:53","modified_gmt":"2014-12-13T01:18:53","slug":"a-love-supreme-de-john-coltrane","status":"publish","type":"post","link":"https:\/\/audiophile.ca\/fr\/blog\/2014\/07\/02\/a-love-supreme-de-john-coltrane\/","title":{"rendered":"A Love Supreme, de John Coltrane"},"content":{"rendered":"<p class=\"p1\">Dans l\u2019\u00e9dition du lundi 30 juin 2014 du <em>Devoir<\/em>, Guillaume-Bourgault-C\u00f4t\u00e9 consacre un article au cinquantenaire de l\u2019album <em>A Love Supreme<\/em> de John Coltrane, auquel le saxophoniste Yannick Rieu, le pianiste Fran\u00e7ois Bourassa, le contrebassiste Guy Boisvert et le batteur Kevin Warren s\u2019appr\u00eataient \u00e0 rendre hommage, ce m\u00eame jour, au Festival de jazz de Montr\u00e9al. <\/p>\n<p>En extrait vid\u00e9o (20 min.), le concert de Coltrane \u00e0 Antibes en 1965.<br \/><a href=\"http:\/\/www.ledevoir.com\/culture\/musique\/412260\/festival-international-de-jazz-le-demi-siecle-de-l-album-supreme\">http:\/\/www.ledevoir.com\/culture\/musique\/412260\/festival-international-de-jazz-le-demi-siecle-de-l-album-supreme<\/a>\u00a0<\/p>\n<p class=\"p2\">\u00c0 lire \u00e9galement, le compte rendu de ce concert par Guillaume-Bourgault-C\u00f4t\u00e9 dans l\u2019\u00e9dition \u00e9lectronique du 1er juillet\u00a0:<br \/><a href=\"http:\/\/www.ledevoir.com\/culture\/musique\/412305\/coltrane-liberte-supreme\">http:\/\/www.ledevoir.com\/culture\/musique\/412305\/coltrane-liberte-supreme<\/a>\u00a0<\/p>\n<p class=\"p2\">\n<p class=\"p2\">\u00a0 \u00a0<\/p>\n<p class=\"p2\">\u00a0<\/p>\n","protected":false},"excerpt":{"rendered":"<p>Dans l\u2019\u00e9dition du lundi 30 juin 2014 du Devoir, Guillaume-Bourgault-C\u00f4t\u00e9 consacre un article au cinquantenaire de l\u2019album A Love Supreme de John Coltrane, auquel le saxophoniste Yannick Rieu, le pianiste Fran\u00e7ois Bourassa, le contrebassiste Guy Boisvert et le batteur Kevin Warren s\u2019appr\u00eataient \u00e0 rendre hommage, ce m\u00eame jour, au Festival de jazz de Montr\u00e9al. En [&hellip;]<\/p>\n","protected":false},"author":3,"featured_media":0,"comment_status":"open","ping_status":"open","sticky":false,"template":"","format":"standard","meta":{"footnotes":""},"categories":[19],"tags":[],"class_list":["post-486","post","type-post","status-publish","format-standard","hentry","category-jazz"],"_links":{"self":[{"href":"https:\/\/audiophile.ca\/fr\/wp-json\/wp\/v2\/posts\/486","targetHints":{"allow":["GET"]}}],"collection":[{"href":"https:\/\/audiophile.ca\/fr\/wp-json\/wp\/v2\/posts"}],"about":[{"href":"https:\/\/audiophile.ca\/fr\/wp-json\/wp\/v2\/types\/post"}],"author":[{"embeddable":true,"href":"https:\/\/audiophile.ca\/fr\/wp-json\/wp\/v2\/users\/3"}],"replies":[{"embeddable":true,"href":"https:\/\/audiophile.ca\/fr\/wp-json\/wp\/v2\/comments?post=486"}],"version-history":[{"count":1,"href":"https:\/\/audiophile.ca\/fr\/wp-json\/wp\/v2\/posts\/486\/revisions"}],"predecessor-version":[{"id":487,"href":"https:\/\/audiophile.ca\/fr\/wp-json\/wp\/v2\/posts\/486\/revisions\/487"}],"wp:attachment":[{"href":"https:\/\/audiophile.ca\/fr\/wp-json\/wp\/v2\/media?parent=486"}],"wp:term":[{"taxonomy":"category","embeddable":true,"href":"https:\/\/audiophile.ca\/fr\/wp-json\/wp\/v2\/categories?post=486"},{"taxonomy":"post_tag","embeddable":true,"href":"https:\/\/audiophile.ca\/fr\/wp-json\/wp\/v2\/tags?post=486"}],"curies":[{"name":"wp","href":"https:\/\/api.w.org\/{rel}","templated":true}]}}